{"id":7614,"date":"2023-12-22T18:04:26","date_gmt":"2023-12-22T18:04:26","guid":{"rendered":"http:\/\/promotic.net\/?p=7614"},"modified":"2024-01-02T11:59:59","modified_gmt":"2024-01-02T16:59:59","slug":"conatel-54-ans-de-regulation-des-telecommunications-en-haiti","status":"publish","type":"post","link":"https:\/\/promotic.net\/fr_fr\/t-i-c\/conatel-54-ans-de-regulation-des-telecommunications-en-haiti\/","title":{"rendered":"CONATEL : 54 ans de r\u00e9gulation des T\u00e9l\u00e9communications en Ha\u00efti"},"content":{"rendered":"\t\t<div data-elementor-type=\"wp-post\" data-elementor-id=\"7614\" class=\"elementor elementor-7614\">\n\t\t\t\t<div class=\"elementor-element elementor-element-d1c7b7b e-flex e-con-boxed wpr-particle-no wpr-jarallax-no wpr-parallax-no wpr-sticky-section-no wpr-equal-height-no e-con e-parent\" data-id=\"d1c7b7b\" data-element_type=\"container\" data-e-type=\"container\">\n\t\t\t\t\t<div class=\"e-con-inner\">\n\t\t\t\t<div class=\"elementor-element elementor-element-9aa585c elementor-widget elementor-widget-text-editor\" data-id=\"9aa585c\" data-element_type=\"widget\" data-e-type=\"widget\" data-widget_type=\"text-editor.default\">\n\t\t\t\t<div class=\"elementor-widget-container\">\n\t\t\t\t\t\t\t\t\t<p>Le 27 septembre 1969 &#8211; 27 septembre 2023, le Conseil National des T\u00e9l\u00e9communications (CONATEL) a c\u00e9l\u00e9br\u00e9 ses 54 ans d&rsquo;existence. \u00c0 l&rsquo;occasion de cette c\u00e9l\u00e9bration, le r\u00e9gulateur du secteur des T\u00e9l\u00e9communications en Ha\u00efti promet de continuer \u00e0 assurer l&rsquo;\u00e9quilibre du march\u00e9, de veiller au bon fonctionnement des exploitants tout en assurant la protection des consommateurs.<\/p><p>En effet, pour ce 54e anniversaire du Conseil national des T\u00e9l\u00e9communications, le Premier ministre, Ariel Henry, le ministre des Travaux publics, Transports et Communications, Rosemond Pradel, des directeurs g\u00e9n\u00e9raux et des cadres de ladite institution, ont pris part \u00e0 cette comm\u00e9moration.<\/p><p>Cr\u00e9\u00e9 par d\u00e9cret en date du 27 septembre 1969, avec la mission de r\u00e9guler et de favoriser le d\u00e9veloppement du secteur des T\u00e9l\u00e9communications en Ha\u00efti, cette instance charg\u00e9e de la d\u00e9finition, de la conduite et de la politique des T\u00e9l\u00e9communications, prend de l&rsquo;ampleur au niveau national progressivement, pendant que le secteur ne cesse de se d\u00e9velopper \u00e0 l&rsquo;\u00e9chelle mondiale.<\/p><p>Aujourd&rsquo;hui en Ha\u00efti, la modernisation des services publics s&rsquo;impose, et l&rsquo;\u00c9tat ha\u00eftien compte mobiliser les outils de technologies num\u00e9riques, a d\u00e9clar\u00e9 le Premier ministre Ariel Henry lors de son intervention pr\u00e9cisant que c&rsquo;est une volont\u00e9 manifeste de son gouvernement. \u00ab J&rsquo;en veux pour preuve la d\u00e9cision qui a \u00e9t\u00e9 prise de supprimer les interm\u00e9diaires des programmes sociaux de cash transfert en faveur de la population. Nous ne donnons plus d&rsquo;argent \u00e0 des chefs d&rsquo;\u00e9quipes, mais nous utilisons la monnaie \u00e9lectronique pour verser les fonds directement aux b\u00e9n\u00e9ficiaires.<\/p><p>Cette technique nous permet d&rsquo;\u00e9liminer la corruption, de faciliter la Reddition de Comptes et de nous assurer que ce sont les d\u00e9munis qui b\u00e9n\u00e9ficient vraiment des efforts de l&rsquo;\u00c9tat \u00bb, argumente le chef du gouvernement qui demande aux responsables du CONATEL de veiller \u00e0 ce que les op\u00e9rateurs des compagnies de t\u00e9l\u00e9phonie v\u00e9rifient strictement l&rsquo;identit\u00e9 de ceux qui ach\u00e8tent leurs cartes SIM tout en exigeant la pr\u00e9sentation de leurs cartes d&rsquo;identification unique. Cette exigence, avance-t-il, a des implications qui vont au-del\u00e0 de l&rsquo;utilisation d&rsquo;un t\u00e9l\u00e9phone.<\/p><p>Faisant une courte historicit\u00e9 de l&rsquo;institution qu&rsquo;il dirige, le directeur g\u00e9n\u00e9ral du Conseil national des T\u00e9l\u00e9communications, Joses Jean-Baptiste, a laiss\u00e9 comprendre que durant ces 54 ans, le CONATEL a connu beaucoup de transformations. \u00ab Dans les ann\u00e9es 70, on avait le PSTN, la t\u00e9l\u00e9vision simple, maintenant on est \u00e0 l&rsquo;heure du 4G, la fibre optique, la T\u00e9l\u00e9communication par Satellite \u00bb, a-t-il d\u00e9taill\u00e9.<\/p><p>D&rsquo;apr\u00e8s le DG du CONATEL, depuis certains temps, l&rsquo;acc\u00e8s aux services de T\u00e9l\u00e9communications \u00e9lectronique devient un droit humain, ce droit, poursuit-il, doit \u00eatre garanti par l&rsquo;\u00c9tat ha\u00eftien. Le gouvernement de la R\u00e9publique et le CONATEL doivent conjuguer leurs efforts et jouer leur r\u00f4le pour qu&rsquo;Ha\u00efti soit enti\u00e8rement connect\u00e9e. \u00ab L&rsquo;acc\u00e8s au haut d\u00e9bit est maintenant une obligation pour pouvoir int\u00e9grer l&rsquo;\u00e9conomie \u00bb, a-t-il martel\u00e9. Concurremment, M. Jean-Baptiste a fait savoir que le CONATEL entend collaborer avec divers partenaires pour l&rsquo;int\u00e9gration r\u00e9ussie et inclusive d&rsquo;Ha\u00efti dans la soci\u00e9t\u00e9 de l&rsquo;information qui se d\u00e9veloppe \u00e0 l&rsquo;\u00e9chelle plan\u00e9taire.<\/p><p>Bien que le Conseil national des T\u00e9l\u00e9communications se lance dans la vulgarisation en masse en ce qui concerne l&rsquo;information, toutefois, de nombreux al\u00e9as perturbent le fonctionnement r\u00e9gulier des services de T\u00e9l\u00e9communications. De fait, le deuxi\u00e8me r\u00e9gulateur des Am\u00e9riques en est conscient et travaille sans rel\u00e2che avec les institutions et les op\u00e9rateurs concern\u00e9s afin de maintenir un niveau de qualit\u00e9 de service acceptable en d\u00e9pit de ces conditions adverses, promettent les responsables de ladite institution. En outre, ils en ont profit\u00e9 pour rappeler qu&rsquo;un effort particulier est mis aujourd&rsquo;hui dans le d\u00e9veloppement de capacit\u00e9s en coop\u00e9ration avec d&rsquo;autres collaborateurs et partenaires, ce qui devrait permettre au CONATEL d&rsquo;enrichir son parc d&rsquo;\u00e9quipement pour un meilleur contr\u00f4le des r\u00e9seaux et services.<\/p><p>Pr\u00e9sent \u00e0 cette c\u00e9l\u00e9bration du 54e anniversaire du CONATEL, le ministre des Travaux publics, Transports et Communications, Rosemond Pradel, appelle les responsables \u00e0 \u0153uvrer davantage afin de garantir des r\u00e9seaux, des syst\u00e8mes fiables et des services de qualit\u00e9 fournis \u00e0 l&rsquo;ensemble de la population et une connectivit\u00e9 fiable et suffisante pour la nation ha\u00eftienne, ce qui, de son point de vue, contribuera \u00e0 la croissance \u00e9conomique et au renforcement de notre tissu social par l&rsquo;inclusion num\u00e9rique.<\/p>\t\t\t\t\t\t\t\t<\/div>\n\t\t\t\t<\/div>\n\t\t\t\t\t<\/div>\n\t\t\t\t<\/div>\n\t\t\t\t<\/div>\n\t\t","protected":false},"excerpt":{"rendered":"<p>Le 27 septembre 1969 &#8211; 27 septembre 2023, le Conseil National des T\u00e9l\u00e9communications (CONATEL) a c\u00e9l\u00e9br\u00e9 ses 54 ans d&rsquo;existence. \u00c0 l&rsquo;occasion de cette c\u00e9l\u00e9bration, le r\u00e9gulateur du secteur des T\u00e9l\u00e9communications en Ha\u00efti promet de continuer \u00e0 assurer l&rsquo;\u00e9quilibre du march\u00e9, de veiller au bon fonctionnement des exploitants tout en assurant la protection des consommateurs. En effet, pour ce 54e anniversaire du Conseil national des T\u00e9l\u00e9communications, le Premier ministre, Ariel Henry, le ministre des Travaux publics, Transports et Communications, Rosemond Pradel, des directeurs g\u00e9n\u00e9raux et des cadres de ladite institution, ont pris part \u00e0 cette comm\u00e9moration. Cr\u00e9\u00e9 par d\u00e9cret en date du 27 septembre 1969, avec la mission de r\u00e9guler et de favoriser le d\u00e9veloppement du secteur des T\u00e9l\u00e9communications en Ha\u00efti, cette instance charg\u00e9e de la d\u00e9finition, de la conduite et de la politique des T\u00e9l\u00e9communications, prend de l&rsquo;ampleur au niveau national progressivement, pendant que le secteur ne cesse de se d\u00e9velopper \u00e0 l&rsquo;\u00e9chelle mondiale. Aujourd&rsquo;hui en Ha\u00efti, la modernisation des services publics s&rsquo;impose, et l&rsquo;\u00c9tat ha\u00eftien compte mobiliser les outils de technologies num\u00e9riques, a d\u00e9clar\u00e9 le Premier ministre Ariel Henry lors de son intervention pr\u00e9cisant que c&rsquo;est une volont\u00e9 manifeste de son gouvernement. \u00ab J&rsquo;en veux pour preuve la d\u00e9cision qui a \u00e9t\u00e9 prise de supprimer les interm\u00e9diaires des programmes sociaux de cash transfert en faveur de la population. Nous ne donnons plus d&rsquo;argent \u00e0 des chefs d&rsquo;\u00e9quipes, mais nous utilisons la monnaie \u00e9lectronique pour verser les fonds directement aux b\u00e9n\u00e9ficiaires. Cette technique nous permet d&rsquo;\u00e9liminer la corruption, de faciliter la Reddition de Comptes et de nous assurer que ce sont les d\u00e9munis qui b\u00e9n\u00e9ficient vraiment des efforts de l&rsquo;\u00c9tat \u00bb, argumente le chef du gouvernement qui demande aux responsables du CONATEL de veiller \u00e0 ce que les op\u00e9rateurs des compagnies de t\u00e9l\u00e9phonie v\u00e9rifient strictement l&rsquo;identit\u00e9 de ceux qui ach\u00e8tent leurs cartes SIM tout en exigeant la pr\u00e9sentation de leurs cartes d&rsquo;identification unique. Cette exigence, avance-t-il, a des implications qui vont au-del\u00e0 de l&rsquo;utilisation d&rsquo;un t\u00e9l\u00e9phone. Faisant une courte historicit\u00e9 de l&rsquo;institution qu&rsquo;il dirige, le directeur g\u00e9n\u00e9ral du Conseil national des T\u00e9l\u00e9communications, Joses Jean-Baptiste, a laiss\u00e9 comprendre que durant ces 54 ans, le CONATEL a connu beaucoup de transformations. \u00ab Dans les ann\u00e9es 70, on avait le PSTN, la t\u00e9l\u00e9vision simple, maintenant on est \u00e0 l&rsquo;heure du 4G, la fibre optique, la T\u00e9l\u00e9communication par Satellite \u00bb, a-t-il d\u00e9taill\u00e9. D&rsquo;apr\u00e8s le DG du CONATEL, depuis certains temps, l&rsquo;acc\u00e8s aux services de T\u00e9l\u00e9communications \u00e9lectronique devient un droit humain, ce droit, poursuit-il, doit \u00eatre garanti par l&rsquo;\u00c9tat ha\u00eftien. Le gouvernement de la R\u00e9publique et le CONATEL doivent conjuguer leurs efforts et jouer leur r\u00f4le pour qu&rsquo;Ha\u00efti soit enti\u00e8rement connect\u00e9e. \u00ab L&rsquo;acc\u00e8s au haut d\u00e9bit est maintenant une obligation pour pouvoir int\u00e9grer l&rsquo;\u00e9conomie \u00bb, a-t-il martel\u00e9. Concurremment, M. Jean-Baptiste a fait savoir que le CONATEL entend collaborer avec divers partenaires pour l&rsquo;int\u00e9gration r\u00e9ussie et inclusive d&rsquo;Ha\u00efti dans la soci\u00e9t\u00e9 de l&rsquo;information qui se d\u00e9veloppe \u00e0 l&rsquo;\u00e9chelle plan\u00e9taire. Bien que le Conseil national des T\u00e9l\u00e9communications se lance dans la vulgarisation en masse en ce qui concerne l&rsquo;information, toutefois, de nombreux al\u00e9as perturbent le fonctionnement r\u00e9gulier des services de T\u00e9l\u00e9communications. De fait, le deuxi\u00e8me r\u00e9gulateur des Am\u00e9riques en est conscient et travaille sans rel\u00e2che avec les institutions et les op\u00e9rateurs concern\u00e9s afin de maintenir un niveau de qualit\u00e9 de service acceptable en d\u00e9pit de ces conditions adverses, promettent les responsables de ladite institution. En outre, ils en ont profit\u00e9 pour rappeler qu&rsquo;un effort particulier est mis aujourd&rsquo;hui dans le d\u00e9veloppement de capacit\u00e9s en coop\u00e9ration avec d&rsquo;autres collaborateurs et partenaires, ce qui devrait permettre au CONATEL d&rsquo;enrichir son parc d&rsquo;\u00e9quipement pour un meilleur contr\u00f4le des r\u00e9seaux et services. Pr\u00e9sent \u00e0 cette c\u00e9l\u00e9bration du 54e anniversaire du CONATEL, le ministre des Travaux publics, Transports et Communications, Rosemond Pradel, appelle les responsables \u00e0 \u0153uvrer davantage afin de garantir des r\u00e9seaux, des syst\u00e8mes fiables et des services de qualit\u00e9 fournis \u00e0 l&rsquo;ensemble de la population et une connectivit\u00e9 fiable et suffisante pour la nation ha\u00eftienne, ce qui, de son point de vue, contribuera \u00e0 la croissance \u00e9conomique et au renforcement de notre tissu social par l&rsquo;inclusion num\u00e9rique.<\/p>\n","protected":false},"author":1,"featured_media":7615,"comment_status":"closed","ping_status":"open","sticky":false,"template":"","format":"standard","meta":{"om_disable_all_campaigns":false,"_monsterinsights_skip_tracking":false,"_monsterinsights_sitenote_active":false,"_monsterinsights_sitenote_note":"","_monsterinsights_sitenote_category":0,"footnotes":""},"categories":[87],"tags":[],"class_list":["post-7614","post","type-post","status-publish","format-standard","has-post-thumbnail","hentry","category-t-i-c"],"aioseo_notices":[],"_links":{"self":[{"href":"https:\/\/promotic.net\/fr_fr\/wp-json\/wp\/v2\/posts\/7614","targetHints":{"allow":["GET"]}}],"collection":[{"href":"https:\/\/promotic.net\/fr_fr\/wp-json\/wp\/v2\/posts"}],"about":[{"href":"https:\/\/promotic.net\/fr_fr\/wp-json\/wp\/v2\/types\/post"}],"author":[{"embeddable":true,"href":"https:\/\/promotic.net\/fr_fr\/wp-json\/wp\/v2\/users\/1"}],"replies":[{"embeddable":true,"href":"https:\/\/promotic.net\/fr_fr\/wp-json\/wp\/v2\/comments?post=7614"}],"version-history":[{"count":4,"href":"https:\/\/promotic.net\/fr_fr\/wp-json\/wp\/v2\/posts\/7614\/revisions"}],"predecessor-version":[{"id":7619,"href":"https:\/\/promotic.net\/fr_fr\/wp-json\/wp\/v2\/posts\/7614\/revisions\/7619"}],"wp:featuredmedia":[{"embeddable":true,"href":"https:\/\/promotic.net\/fr_fr\/wp-json\/wp\/v2\/media\/7615"}],"wp:attachment":[{"href":"https:\/\/promotic.net\/fr_fr\/wp-json\/wp\/v2\/media?parent=7614"}],"wp:term":[{"taxonomy":"category","embeddable":true,"href":"https:\/\/promotic.net\/fr_fr\/wp-json\/wp\/v2\/categories?post=7614"},{"taxonomy":"post_tag","embeddable":true,"href":"https:\/\/promotic.net\/fr_fr\/wp-json\/wp\/v2\/tags?post=7614"}],"curies":[{"name":"wp","href":"https:\/\/api.w.org\/{rel}","templated":true}]}}