{"id":7599,"date":"2023-12-22T17:58:58","date_gmt":"2023-12-22T17:58:58","guid":{"rendered":"http:\/\/promotic.net\/?p=7599"},"modified":"2023-12-22T18:10:28","modified_gmt":"2023-12-22T18:10:28","slug":"promotic-technologie-les-tic-sont-devenues-incontournables","status":"publish","type":"post","link":"https:\/\/promotic.net\/en\/t-i-c\/promotic-technologie-les-tic-sont-devenues-incontournables\/","title":{"rendered":"Promotic &#8211; Technologie : Les TIC sont devenues incontournables"},"content":{"rendered":"<div data-elementor-type=\"wp-post\" data-elementor-id=\"7599\" class=\"elementor elementor-7599\">\n\t\t\t\t<div class=\"elementor-element elementor-element-2e3a15e e-flex e-con-boxed wpr-particle-no wpr-jarallax-no wpr-parallax-no wpr-sticky-section-no wpr-equal-height-no e-con e-parent\" data-id=\"2e3a15e\" data-element_type=\"container\" data-e-type=\"container\">\n\t\t\t\t\t<div class=\"e-con-inner\">\n\t\t\t\t<div class=\"elementor-element elementor-element-cb23813 elementor-widget elementor-widget-text-editor\" data-id=\"cb23813\" data-element_type=\"widget\" data-e-type=\"widget\" data-widget_type=\"text-editor.default\">\n\t\t\t\t<div class=\"elementor-widget-container\">\n\t\t\t\t\t\t\t\t\t<p>La Journ\u00e9e Mondiale des T\u00e9l\u00e9communications et de la Soci\u00e9t\u00e9 de l\u2019information a \u00e9t\u00e9 c\u00e9l\u00e9br\u00e9e cette ann\u00e9e sous le th\u00e8me : \u00ab Donner des moyens d\u2019action aux pays les moins avanc\u00e9s gr\u00e2ce aux Technologies de l\u2019Information et de la Communication (TIC) \u00bb.<br \/><br \/>Rappelons que la premi\u00e8re convention a sign\u00e9e en mai 1865, a permis la cr\u00e9ation d\u2019un cadre destin\u00e9 notamment \u00e0 normaliser les \u00e9quipements et \u00e0 d\u00e9finir des instructions d\u2019exploitation uniforme.<br \/><br \/>158 ans apr\u00e8s, les TIC sont devenues incontournables dans les pays riches ou moins avanc\u00e9s \u00e0 travers des politiques publiques de promotion et d\u2019encouragement destin\u00e9es \u00e0 maximiser la cr\u00e9ation d\u2019emplois, la croissance \u00e9conomique et, par cons\u00e9quent, la lutte contre la pauvret\u00e9 et les in\u00e9galit\u00e9s sociales.<br \/><br \/>Alors que les d\u00e9bats sur les technologies comme Intelligence Artificielle (AI), l\u2019apprentissage automatique, la robotique et les r\u00e9seaux ne cessent de s\u2019amplifier, le Minist\u00e8re de la Communication tient \u00e0 souligner l\u2019engagement du Gouvernement ha\u00eftien \u00e0 initier, accompagner et supporter toute initiative de nature \u00e0 favoriser l\u2019efficacit\u00e9 et l\u2019innovation \u00e0 travers les TIC en Ha\u00efti afin de renforcer la capacit\u00e9 des entreprises et des organisations du pays \u00e0 participer efficacement \u00e0 l\u2019\u00e9conomie num\u00e9rique mondiale.<br \/><br \/>Le Minist\u00e8re de la Communication saisit l\u2019occasion pour exhorter les op\u00e9rateurs \u00e9voluant dans les TIC et autres partenaires, tant nationaux qu\u2019internationaux, \u00e0 supporter des \u00ab start-ups \u00bb utilisant l\u2019inclusion num\u00e9rique et les nouvelles solutions technologiques pour un impact \u00e9conomique, social et environnemental.<\/p>\t\t\t\t\t\t\t\t<\/div>\n\t\t\t\t<\/div>\n\t\t\t\t\t<\/div>\n\t\t\t\t<\/div>\n\t\t\t\t<\/div>","protected":false},"excerpt":{"rendered":"<p>La Journ\u00e9e Mondiale des T\u00e9l\u00e9communications et de la Soci\u00e9t\u00e9 de l\u2019information a \u00e9t\u00e9 c\u00e9l\u00e9br\u00e9e cette ann\u00e9e sous le th\u00e8me : \u00ab Donner des moyens d\u2019action aux pays les moins avanc\u00e9s gr\u00e2ce aux Technologies de l\u2019Information et de la Communication (TIC) \u00bb. Rappelons que la premi\u00e8re convention a sign\u00e9e en mai 1865, a permis la cr\u00e9ation d\u2019un cadre destin\u00e9 notamment \u00e0 normaliser les \u00e9quipements et \u00e0 d\u00e9finir des instructions d\u2019exploitation uniforme. 158 ans apr\u00e8s, les TIC sont devenues incontournables dans les pays riches ou moins avanc\u00e9s \u00e0 travers des politiques publiques de promotion et d\u2019encouragement destin\u00e9es \u00e0 maximiser la cr\u00e9ation d\u2019emplois, la croissance \u00e9conomique et, par cons\u00e9quent, la lutte contre la pauvret\u00e9 et les in\u00e9galit\u00e9s sociales. Alors que les d\u00e9bats sur les technologies comme Intelligence Artificielle (AI), l\u2019apprentissage automatique, la robotique et les r\u00e9seaux ne cessent de s\u2019amplifier, le Minist\u00e8re de la Communication tient \u00e0 souligner l\u2019engagement du Gouvernement ha\u00eftien \u00e0 initier, accompagner et supporter toute initiative de nature \u00e0 favoriser l\u2019efficacit\u00e9 et l\u2019innovation \u00e0 travers les TIC en Ha\u00efti afin de renforcer la capacit\u00e9 des entreprises et des organisations du pays \u00e0 participer efficacement \u00e0 l\u2019\u00e9conomie num\u00e9rique mondiale. Le Minist\u00e8re de la Communication saisit l\u2019occasion pour exhorter les op\u00e9rateurs \u00e9voluant dans les TIC et autres partenaires, tant nationaux qu\u2019internationaux, \u00e0 supporter des \u00ab start-ups \u00bb utilisant l\u2019inclusion num\u00e9rique et les nouvelles solutions technologiques pour un impact \u00e9conomique, social et environnemental.<\/p>","protected":false},"author":1,"featured_media":7600,"comment_status":"closed","ping_status":"open","sticky":false,"template":"","format":"standard","meta":{"om_disable_all_campaigns":false,"_monsterinsights_skip_tracking":false,"_monsterinsights_sitenote_active":false,"_monsterinsights_sitenote_note":"","_monsterinsights_sitenote_category":0,"footnotes":""},"categories":[87],"tags":[],"class_list":["post-7599","post","type-post","status-publish","format-standard","has-post-thumbnail","hentry","category-t-i-c"],"aioseo_notices":[],"_links":{"self":[{"href":"https:\/\/promotic.net\/en\/wp-json\/wp\/v2\/posts\/7599","targetHints":{"allow":["GET"]}}],"collection":[{"href":"https:\/\/promotic.net\/en\/wp-json\/wp\/v2\/posts"}],"about":[{"href":"https:\/\/promotic.net\/en\/wp-json\/wp\/v2\/types\/post"}],"author":[{"embeddable":true,"href":"https:\/\/promotic.net\/en\/wp-json\/wp\/v2\/users\/1"}],"replies":[{"embeddable":true,"href":"https:\/\/promotic.net\/en\/wp-json\/wp\/v2\/comments?post=7599"}],"version-history":[{"count":4,"href":"https:\/\/promotic.net\/en\/wp-json\/wp\/v2\/posts\/7599\/revisions"}],"predecessor-version":[{"id":7604,"href":"https:\/\/promotic.net\/en\/wp-json\/wp\/v2\/posts\/7599\/revisions\/7604"}],"wp:featuredmedia":[{"embeddable":true,"href":"https:\/\/promotic.net\/en\/wp-json\/wp\/v2\/media\/7600"}],"wp:attachment":[{"href":"https:\/\/promotic.net\/en\/wp-json\/wp\/v2\/media?parent=7599"}],"wp:term":[{"taxonomy":"category","embeddable":true,"href":"https:\/\/promotic.net\/en\/wp-json\/wp\/v2\/categories?post=7599"},{"taxonomy":"post_tag","embeddable":true,"href":"https:\/\/promotic.net\/en\/wp-json\/wp\/v2\/tags?post=7599"}],"curies":[{"name":"wp","href":"https:\/\/api.w.org\/{rel}","templated":true}]}}